{"id":5207,"date":"2022-11-28T18:44:15","date_gmt":"2022-11-28T17:44:15","guid":{"rendered":"https:\/\/jds.vilenica.com\/?p=5207"},"modified":"2022-11-28T18:44:15","modified_gmt":"2022-11-28T17:44:15","slug":"kranj-pod-in-nad-zemljo-s-pridihom-cloveske-ribice","status":"publish","type":"post","link":"https:\/\/jds.vilenica.com\/index.php\/2022\/11\/28\/kranj-pod-in-nad-zemljo-s-pridihom-cloveske-ribice\/","title":{"rendered":"Kranj pod in nad zemljo&#8230;s pridihom \u010dlove\u0161ke ribice"},"content":{"rendered":"<div dir=\"auto\">Jamarsko dru\u0161tvo Se\u017eana je na zadnjo novembrsko nedeljo (27. 11. 2022) na strokovni ekskurziji raziskovalo Kranj &#8211; na povr\u0161ju in pod njim. Gregor Aljan\u010di\u010d nam je vsem 35 udele\u017eencem razkazal jamski laboratorij Tular, kjer \u017ee ve\u010d kot 60 let preu\u010dujejo \u010dlove\u0161ke ribice. Med prvimi smo spoznali nov interpretacijski center SOS proteus v Kranjskih rovih, ki bo za javnost odprl vrata z decembrom.<\/div>\n<div dir=\"auto\">Po dobri kavici sta nas lokalna turisti\u010dna vodnika popeljala po Kranju in nam zaupala cel kup zanimivosti o prestolnici Alp. Med drugim na primer tudi to, da je kip Pre\u0161ena v Kranju najve\u010dji pesnikov kip v Evropi. Dan smo zaklju\u010dili na odli\u010dni ve\u010derji v edini gostilni, ki deluje vse od \u010dasa Pre\u0161erna dalje &#8211; Stari Mayr. Lepo je bilo.<\/div>\n<div dir=\"auto\"><\/div>\n<div dir=\"auto\">Besedilo in foto: Alenka Gabriela \u0160\u010duka<\/div>\n","protected":false},"excerpt":{"rendered":"<p>Jamarsko dru\u0161tvo Se\u017eana je na zadnjo novembrsko nedeljo (27. 11. 2022) na strokovni ekskurziji raziskovalo Kranj &#8211; na povr\u0161ju in pod njim. Gregor Aljan\u010di\u010d nam je vsem 35 udele\u017eencem razkazal jamski laboratorij Tular, kjer \u017ee ve\u010d kot 60 let preu\u010dujejo \u010dlove\u0161ke ribice. Med prvimi smo spoznali nov interpretacijski center SOS proteus v Kranjskih rovih, ki &hellip; <a href=\"https:\/\/jds.vilenica.com\/index.php\/2022\/11\/28\/kranj-pod-in-nad-zemljo-s-pridihom-cloveske-ribice\/\" class=\"more-link\">Preberi ve\u010d<span class=\"screen-reader-text\"> &#8220;Kranj pod in nad zemljo&#8230;s pridihom \u010dlove\u0161ke ribice&#8221;<\/span><\/a><\/p>\n","protected":false},"author":1,"featured_media":5211,"comment_status":"closed","ping_status":"closed","sticky":false,"template":"","format":"standard","meta":{"footnotes":""},"categories":[3],"tags":[],"class_list":["post-5207","post","type-post","status-publish","format-standard","has-post-thumbnail","hentry","category-nekategorizirano"],"_links":{"self":[{"href":"https:\/\/jds.vilenica.com\/index.php\/wp-json\/wp\/v2\/posts\/5207","targetHints":{"allow":["GET"]}}],"collection":[{"href":"https:\/\/jds.vilenica.com\/index.php\/wp-json\/wp\/v2\/posts"}],"about":[{"href":"https:\/\/jds.vilenica.com\/index.php\/wp-json\/wp\/v2\/types\/post"}],"author":[{"embeddable":true,"href":"https:\/\/jds.vilenica.com\/index.php\/wp-json\/wp\/v2\/users\/1"}],"replies":[{"embeddable":true,"href":"https:\/\/jds.vilenica.com\/index.php\/wp-json\/wp\/v2\/comments?post=5207"}],"version-history":[{"count":1,"href":"https:\/\/jds.vilenica.com\/index.php\/wp-json\/wp\/v2\/posts\/5207\/revisions"}],"predecessor-version":[{"id":5212,"href":"https:\/\/jds.vilenica.com\/index.php\/wp-json\/wp\/v2\/posts\/5207\/revisions\/5212"}],"wp:featuredmedia":[{"embeddable":true,"href":"https:\/\/jds.vilenica.com\/index.php\/wp-json\/wp\/v2\/media\/5211"}],"wp:attachment":[{"href":"https:\/\/jds.vilenica.com\/index.php\/wp-json\/wp\/v2\/media?parent=5207"}],"wp:term":[{"taxonomy":"category","embeddable":true,"href":"https:\/\/jds.vilenica.com\/index.php\/wp-json\/wp\/v2\/categories?post=5207"},{"taxonomy":"post_tag","embeddable":true,"href":"https:\/\/jds.vilenica.com\/index.php\/wp-json\/wp\/v2\/tags?post=5207"}],"curies":[{"name":"wp","href":"https:\/\/api.w.org\/{rel}","templated":true}]}}