{"id":5152,"date":"2021-09-01T09:20:12","date_gmt":"2021-09-01T07:20:12","guid":{"rendered":"https:\/\/jds.vilenica.com\/?p=5152"},"modified":"2021-09-01T09:20:12","modified_gmt":"2021-09-01T07:20:12","slug":"priznanje-obcine-sezana-predsedniku-jds-jordanu-gustinu","status":"publish","type":"post","link":"https:\/\/jds.vilenica.com\/index.php\/2021\/09\/01\/priznanje-obcine-sezana-predsedniku-jds-jordanu-gustinu\/","title":{"rendered":"Priznanje ob\u010dine Se\u017eana predsedniku JDS Jordanu Gu\u0161tinu"},"content":{"rendered":"<p>V petek 27. avgusta je na\u0161 predsednik Jordan Gu\u0161tin, na slavnostni seji<br \/>\nob\u010dine Se\u017eana, prejel Priznanje Ob\u010dine Se\u017eana.<\/p>\n<p>Obrazlo\u017eitev:<\/p>\n<p>Jamarstvo je na \u0161ir\u0161em obmo\u010dju Krasa zaradi velike gostote tako odkritih kot \u0161e neodkritih jam izredno pomembna dejavnost. Veliko zaslug pri njenem razvoju lahko pripi\u0161emo Jordanu Gu\u0161tinu. Se\u017eanskim jamarjem se je pridru\u017eil leta 1983, leta 1990 je bil izvoljen za predsednika\u00a0 Jamarskega dru\u0161tva Se\u017eana, kjer funkcijo z izjemno zavzetostjo in pripadnostjo opravlja \u0161e danes. Poleg tega je bil med letoma 2000 in 2010 kar pet mandatov tudi predsednik Jamarske zveze Slovenije.<br \/>\nOb delovanju v se\u017eanskem jamarskem dru\u0161tvu in sodelovanju z Jamarsko zvezo Slovenije, Jordan Gu\u0161tin sodeluje tudi pri razli\u010dnih projektih, promocijah, razstavah in gradnji objektov v povezavi s kra\u0161kimi jamami. Sodeloval je pri odkrivanju ve\u010d jam na obmo\u010dju mati\u010dnega Krasa, kar velja za najpomembnej\u0161a odkritja slovenske speleologije. Med te zagotovo sodi tudi razkrivanje podzemnega toka reke Reke.<br \/>\nNjegovo delo v Jamarskem dru\u0161tvu Se\u017eana je nelo\u010dljivo povezano tudi z urejanjem jamarskega doma in skrbjo za jamo Vilenica, promocijo Krasa in obiskovanja podzemlja. V najstarej\u0161i turisti\u010dni jami v Evropi \u010dlani dru\u0161tva s prostovoljnim delom urejajo poti, stopnice, razsvetljavo, sodelujejo pri organizaciji mednarodnega literarnega festivala \u2026<br \/>\nJordan Gu\u0161tin je bil in ostaja dejaven na \u0161tevilnih podro\u010djih: bil je predsednik ZSMS Repentabor, prostovoljec in \u010dastnik Teritorialne obrambe, poveljnik voda za ognjeno podporo v osamosvojitveni vojni, \u010dlan sveta Krajevne skupnosti Se\u017eana in predstavnik vasi Vrhovlje, ustanovni \u010dlan dru\u0161tva Vrhovlje 700+ in aktiven \u010dlan Agrarne skupnosti Vrhovlje. \u017de kot osnovno\u0161olec je sodeloval v strelskem kro\u017eku in nadaljeval v Strelskem dru\u0161tvu Repentabor.\u00a0 Od mladih let je tudi \u010dlan Balinarskega kluba Repentabor, kjer uspe\u0161no vodi mladinsko sekcijo. Kot izku\u0161en jamar je bil vklju\u010den v aktivnosti Civilne za\u0161\u010dite in prejel dva srebrna znaka kot priznanje za posebne zasluge in izjemen prispevek pri razvoju in krepitvi varstva pred naravnimi in drugimi nesre\u010dami ter za izume in inovacije na tem podro\u010dju.<br \/>\nZaradi delovnih vrlin in predanosti jamarstvu mu je Jamarska zveza Slovenije za izjemne dose\u017eke podelila najvi\u0161je priznanje, zlati znak. Je tudi prejemnik bronaste medalje Slovenske vojske, zahvale General\u0161taba Slovenske vojske ter priznanja Zveze slovenskih \u010dastnikov.<\/p>\n<p>V zahvalo za veliko vnemo pri promociji jamarstva in jame Vilenica ter spodbujanje turizma na obmo\u010dju Krasa ter za dolgoletno vodenje Jamarskega dru\u0161tva Se\u017eana in neprecenljiv prispevek k razvoju jamarstva in jamarsko-re\u0161evalne slu\u017ebe prejme Jordan Gu\u0161tin PRIZNANJE OB\u010cINE SE\u017dANA<span style=\"color: #888888;\">!<br \/>\n<\/span><\/p>\n","protected":false},"excerpt":{"rendered":"<p>V petek 27. avgusta je na\u0161 predsednik Jordan Gu\u0161tin, na slavnostni seji ob\u010dine Se\u017eana, prejel Priznanje Ob\u010dine Se\u017eana. Obrazlo\u017eitev: Jamarstvo je na \u0161ir\u0161em obmo\u010dju Krasa zaradi velike gostote tako odkritih kot \u0161e neodkritih jam izredno pomembna dejavnost. Veliko zaslug pri njenem razvoju lahko pripi\u0161emo Jordanu Gu\u0161tinu. Se\u017eanskim jamarjem se je pridru\u017eil leta 1983, leta 1990 &hellip; <a href=\"https:\/\/jds.vilenica.com\/index.php\/2021\/09\/01\/priznanje-obcine-sezana-predsedniku-jds-jordanu-gustinu\/\" class=\"more-link\">Preberi ve\u010d<span class=\"screen-reader-text\"> &#8220;Priznanje ob\u010dine Se\u017eana predsedniku JDS Jordanu Gu\u0161tinu&#8221;<\/span><\/a><\/p>\n","protected":false},"author":1,"featured_media":5153,"comment_status":"closed","ping_status":"closed","sticky":false,"template":"","format":"standard","meta":{"footnotes":""},"categories":[3],"tags":[],"class_list":["post-5152","post","type-post","status-publish","format-standard","has-post-thumbnail","hentry","category-nekategorizirano"],"_links":{"self":[{"href":"https:\/\/jds.vilenica.com\/index.php\/wp-json\/wp\/v2\/posts\/5152","targetHints":{"allow":["GET"]}}],"collection":[{"href":"https:\/\/jds.vilenica.com\/index.php\/wp-json\/wp\/v2\/posts"}],"about":[{"href":"https:\/\/jds.vilenica.com\/index.php\/wp-json\/wp\/v2\/types\/post"}],"author":[{"embeddable":true,"href":"https:\/\/jds.vilenica.com\/index.php\/wp-json\/wp\/v2\/users\/1"}],"replies":[{"embeddable":true,"href":"https:\/\/jds.vilenica.com\/index.php\/wp-json\/wp\/v2\/comments?post=5152"}],"version-history":[{"count":1,"href":"https:\/\/jds.vilenica.com\/index.php\/wp-json\/wp\/v2\/posts\/5152\/revisions"}],"predecessor-version":[{"id":5154,"href":"https:\/\/jds.vilenica.com\/index.php\/wp-json\/wp\/v2\/posts\/5152\/revisions\/5154"}],"wp:featuredmedia":[{"embeddable":true,"href":"https:\/\/jds.vilenica.com\/index.php\/wp-json\/wp\/v2\/media\/5153"}],"wp:attachment":[{"href":"https:\/\/jds.vilenica.com\/index.php\/wp-json\/wp\/v2\/media?parent=5152"}],"wp:term":[{"taxonomy":"category","embeddable":true,"href":"https:\/\/jds.vilenica.com\/index.php\/wp-json\/wp\/v2\/categories?post=5152"},{"taxonomy":"post_tag","embeddable":true,"href":"https:\/\/jds.vilenica.com\/index.php\/wp-json\/wp\/v2\/tags?post=5152"}],"curies":[{"name":"wp","href":"https:\/\/api.w.org\/{rel}","templated":true}]}}