{"id":5065,"date":"2021-06-01T21:52:19","date_gmt":"2021-06-01T19:52:19","guid":{"rendered":"https:\/\/jds.vilenica.com\/?p=5065"},"modified":"2021-06-01T22:22:14","modified_gmt":"2021-06-01T20:22:14","slug":"nadaljevanje-fabrisovega-rova-v-vilenici","status":"publish","type":"post","link":"https:\/\/jds.vilenica.com\/index.php\/2021\/06\/01\/nadaljevanje-fabrisovega-rova-v-vilenici\/","title":{"rendered":"Nadaljevanje Fabrisovega rova v Vilenici"},"content":{"rendered":"<div style=\"width: 840px;\" class=\"wp-video\"><!--[if lt IE 9]><script>document.createElement('video');<\/script><![endif]-->\n<video class=\"wp-video-shortcode\" id=\"video-5065-1\" width=\"840\" height=\"473\" preload=\"metadata\" controls=\"controls\"><source type=\"video\/mp4\" src=\"https:\/\/jds.vilenica.com\/wp-content\/uploads\/2021\/06\/vilenica-2021-06-01.mp4?_=1\" \/><a href=\"https:\/\/jds.vilenica.com\/wp-content\/uploads\/2021\/06\/vilenica-2021-06-01.mp4\">https:\/\/jds.vilenica.com\/wp-content\/uploads\/2021\/06\/vilenica-2021-06-01.mp4<\/a><\/video><\/div>\n<p>&nbsp;<\/p>\n<p>V nedeljo 30.05.2021 je bil ogled neturisti\u010dnih delov jame Vilenica do globine -190 m. Udele\u017eilo se ga je 26 jamarjev JD Se\u017eana in JD Karlovica.<\/p>\n<p><strong>Na dosedanjem dnu jame smo iz razpoke zaznali prepih, ki napoveduje nadaljevanje.<\/strong><\/p>\n<p>Jamarji Jamarskega dru\u0161tva Se\u017eana smo odkrili Se\u017eansko reko \u017ee v treh jamah na globini &#8220;-340m&#8221;: Brezno v Str\u0161inkni dolini, Jama Se\u017eanske reke in Jama 1. v Kanjaducah. Se\u017eanska reka se imenuje zato, ker je le glavni del reke Reka (cca 60%), ki ponika v \u0160kocjanskih jamah. Preostanek reke se pretaka \u0161e po nam neznanih jamah. Ponosni smo, da smo raziskovalci, ki odkrivamo \u0161e zadnje koti\u010dke neodkrite zemlje.<\/p>\n<p>Besedilo, foto &amp; video: Jaka Jakof\u010di\u010d<\/p>\n","protected":false},"excerpt":{"rendered":"<p>&nbsp; V nedeljo 30.05.2021 je bil ogled neturisti\u010dnih delov jame Vilenica do globine -190 m. Udele\u017eilo se ga je 26 jamarjev JD Se\u017eana in JD Karlovica. Na dosedanjem dnu jame smo iz razpoke zaznali prepih, ki napoveduje nadaljevanje. Jamarji Jamarskega dru\u0161tva Se\u017eana smo odkrili Se\u017eansko reko \u017ee v treh jamah na globini &#8220;-340m&#8221;: Brezno v &hellip; <a href=\"https:\/\/jds.vilenica.com\/index.php\/2021\/06\/01\/nadaljevanje-fabrisovega-rova-v-vilenici\/\" class=\"more-link\">Preberi ve\u010d<span class=\"screen-reader-text\"> &#8220;Nadaljevanje Fabrisovega rova v Vilenici&#8221;<\/span><\/a><\/p>\n","protected":false},"author":1,"featured_media":5081,"comment_status":"closed","ping_status":"closed","sticky":false,"template":"","format":"standard","meta":{"footnotes":""},"categories":[3],"tags":[],"class_list":["post-5065","post","type-post","status-publish","format-standard","has-post-thumbnail","hentry","category-nekategorizirano"],"_links":{"self":[{"href":"https:\/\/jds.vilenica.com\/index.php\/wp-json\/wp\/v2\/posts\/5065","targetHints":{"allow":["GET"]}}],"collection":[{"href":"https:\/\/jds.vilenica.com\/index.php\/wp-json\/wp\/v2\/posts"}],"about":[{"href":"https:\/\/jds.vilenica.com\/index.php\/wp-json\/wp\/v2\/types\/post"}],"author":[{"embeddable":true,"href":"https:\/\/jds.vilenica.com\/index.php\/wp-json\/wp\/v2\/users\/1"}],"replies":[{"embeddable":true,"href":"https:\/\/jds.vilenica.com\/index.php\/wp-json\/wp\/v2\/comments?post=5065"}],"version-history":[{"count":4,"href":"https:\/\/jds.vilenica.com\/index.php\/wp-json\/wp\/v2\/posts\/5065\/revisions"}],"predecessor-version":[{"id":5080,"href":"https:\/\/jds.vilenica.com\/index.php\/wp-json\/wp\/v2\/posts\/5065\/revisions\/5080"}],"wp:featuredmedia":[{"embeddable":true,"href":"https:\/\/jds.vilenica.com\/index.php\/wp-json\/wp\/v2\/media\/5081"}],"wp:attachment":[{"href":"https:\/\/jds.vilenica.com\/index.php\/wp-json\/wp\/v2\/media?parent=5065"}],"wp:term":[{"taxonomy":"category","embeddable":true,"href":"https:\/\/jds.vilenica.com\/index.php\/wp-json\/wp\/v2\/categories?post=5065"},{"taxonomy":"post_tag","embeddable":true,"href":"https:\/\/jds.vilenica.com\/index.php\/wp-json\/wp\/v2\/tags?post=5065"}],"curies":[{"name":"wp","href":"https:\/\/api.w.org\/{rel}","templated":true}]}}