{"id":5039,"date":"2020-05-18T20:33:14","date_gmt":"2020-05-18T18:33:14","guid":{"rendered":"https:\/\/jds.vilenica.com\/?p=5039"},"modified":"2020-05-18T20:33:14","modified_gmt":"2020-05-18T18:33:14","slug":"obisk-jame-vilenica-po-koronakrizi","status":"publish","type":"post","link":"https:\/\/jds.vilenica.com\/index.php\/2020\/05\/18\/obisk-jame-vilenica-po-koronakrizi\/","title":{"rendered":"Obisk jame Vilenica po koronakrizi"},"content":{"rendered":"<p>V za\u010detku maja smo z veseljem objavili: <em>&gt;Jama Vilenica je od 8. maja 2020 spet odprta za obiske!&lt;<\/em>. Zaradi razgla\u0161ene epidemije virusa in omejitev, ki so veljale v preteklih mesecih smo namre\u010d morali sezono turisti\u010dnih obiskov jame za\u010deti nekoliko pozneje kot sicer. Obiski sedaj potekajo v manj\u0161ih skupinah in po predhodni telefonski najavi ter ob upo\u0161tevanju predpisanih navodil obna\u0161anja (no\u0161nja za\u0161\u010ditne obrazne maske, razku\u017eevanje rok, vzdr\u017eevanja medsebojne razdalje). Preteklo nedeljo (17. 5.) smo v jamo tako popeljali 18 obiskovalcev! Hvala vsem za prijeten obisk! Na tem mestu ponovno vabimo vse zainteresirane na ogled podzemnih prostorov najstarej\u0161e turisti\u010dne jame v Evropi, jame Vilenice! Podrobnej\u0161e informacije o poteku ogleda najdete na naslednji povezavi: <a href=\"https:\/\/www.vilenica.com\/splosne-informacije\/vstopnice\/\">https:\/\/www.vilenica.com\/splosne-informacije\/vstopnice\/<\/a><\/p>\n<p>Se vidimo!<\/p>\n<p>&nbsp;<\/p>\n<p>Besedilo: \u0160pela Prunk<\/p>\n<p>Foto: Jordan Gu\u0161tin<\/p>\n","protected":false},"excerpt":{"rendered":"<p>V za\u010detku maja smo z veseljem objavili: &gt;Jama Vilenica je od 8. maja 2020 spet odprta za obiske!&lt;. Zaradi razgla\u0161ene epidemije virusa in omejitev, ki so veljale v preteklih mesecih smo namre\u010d morali sezono turisti\u010dnih obiskov jame za\u010deti nekoliko pozneje kot sicer. Obiski sedaj potekajo v manj\u0161ih skupinah in po predhodni telefonski najavi ter ob &hellip; <a href=\"https:\/\/jds.vilenica.com\/index.php\/2020\/05\/18\/obisk-jame-vilenica-po-koronakrizi\/\" class=\"more-link\">Preberi ve\u010d<span class=\"screen-reader-text\"> &#8220;Obisk jame Vilenica po koronakrizi&#8221;<\/span><\/a><\/p>\n","protected":false},"author":1,"featured_media":5040,"comment_status":"closed","ping_status":"closed","sticky":false,"template":"","format":"standard","meta":{"footnotes":""},"categories":[3],"tags":[],"class_list":["post-5039","post","type-post","status-publish","format-standard","has-post-thumbnail","hentry","category-nekategorizirano"],"_links":{"self":[{"href":"https:\/\/jds.vilenica.com\/index.php\/wp-json\/wp\/v2\/posts\/5039","targetHints":{"allow":["GET"]}}],"collection":[{"href":"https:\/\/jds.vilenica.com\/index.php\/wp-json\/wp\/v2\/posts"}],"about":[{"href":"https:\/\/jds.vilenica.com\/index.php\/wp-json\/wp\/v2\/types\/post"}],"author":[{"embeddable":true,"href":"https:\/\/jds.vilenica.com\/index.php\/wp-json\/wp\/v2\/users\/1"}],"replies":[{"embeddable":true,"href":"https:\/\/jds.vilenica.com\/index.php\/wp-json\/wp\/v2\/comments?post=5039"}],"version-history":[{"count":1,"href":"https:\/\/jds.vilenica.com\/index.php\/wp-json\/wp\/v2\/posts\/5039\/revisions"}],"predecessor-version":[{"id":5042,"href":"https:\/\/jds.vilenica.com\/index.php\/wp-json\/wp\/v2\/posts\/5039\/revisions\/5042"}],"wp:featuredmedia":[{"embeddable":true,"href":"https:\/\/jds.vilenica.com\/index.php\/wp-json\/wp\/v2\/media\/5040"}],"wp:attachment":[{"href":"https:\/\/jds.vilenica.com\/index.php\/wp-json\/wp\/v2\/media?parent=5039"}],"wp:term":[{"taxonomy":"category","embeddable":true,"href":"https:\/\/jds.vilenica.com\/index.php\/wp-json\/wp\/v2\/categories?post=5039"},{"taxonomy":"post_tag","embeddable":true,"href":"https:\/\/jds.vilenica.com\/index.php\/wp-json\/wp\/v2\/tags?post=5039"}],"curies":[{"name":"wp","href":"https:\/\/api.w.org\/{rel}","templated":true}]}}