{"id":4979,"date":"2019-08-05T21:16:34","date_gmt":"2019-08-05T19:16:34","guid":{"rendered":"https:\/\/jds.vilenica.com\/?p=4979"},"modified":"2019-08-05T21:16:34","modified_gmt":"2019-08-05T19:16:34","slug":"potresi-zapisani-v-jamah-blaz-vicic","status":"publish","type":"post","link":"https:\/\/jds.vilenica.com\/index.php\/2019\/08\/05\/potresi-zapisani-v-jamah-blaz-vicic\/","title":{"rendered":"Potresi, zapisani v jamah (Bla\u017e Vi\u010di\u010d)"},"content":{"rendered":"<p>Navada je, da se vsak prvi petek v mesecu jamarji JDS sre\u010damo v Jamarskem domu Jo\u017eeta Gustin\u010di\u010da pri Vilenici. Pretekli petek smo sre\u010danje obogatili z gostujo\u010dim predavanjem Bla\u017ea Vi\u010di\u010da, ki nam je predstavil aktualne raziskave potresnih aktivnosti, informacije o katerih so med drugim zapisane tudi v jamah. V predavanju nas je najprej seznanil z osnovnimi geolo\u0161kimi zna\u010dilnostmi Slovenije s poudarkom na tektonskih prelomih, s katerimi je povezana potresna aktivnost (v primeru zahodne Slovenije so prisotni \u0161tirje ve\u010dji tektonski prelomi, ob katerih se dogajajo premiki zemlje \u2013 to so Idrijski kot najdalj\u0161i, Predjamski, Sel\u0161ki in Ra\u0161ki prelom). Ker se ka\u017ee, da so mo\u010dnej\u0161i potresi poleg sprememb na povr\u0161ju zemlje povzro\u010dili tudi po\u0161kodbe v jamah (podrti kapniki ter podori), raziskave potekajo prav v jamah, in sicer z vzor\u010denjem po\u0161kodovanih kapnikov in njihovim datiranjem. Vzor\u010denja za raziskave se trenutno izvajajo na obmo\u010dju jam zahodne Slovenije in italijanskega Krasa, med drugim so vzorce \u017ee odvzeli v Diva\u0161ki jami, v prihodnjih mesecih pa bodo vzor\u010dili tudi v jami Vilenica. Jamarji smo predavanju prisluhnili z zanimanjem in po zaklju\u010dnih besedah predavatelja se je ve\u010der nadaljeval v spro\u0161\u010denem pogovoru z izmenjevanjem mnenj.<\/p>\n<p>Besedilo: \u0160pela Prunk<\/p>\n<p>Foto: Jaka Jakof\u010di\u010d<\/p>\n","protected":false},"excerpt":{"rendered":"<p>Navada je, da se vsak prvi petek v mesecu jamarji JDS sre\u010damo v Jamarskem domu Jo\u017eeta Gustin\u010di\u010da pri Vilenici. Pretekli petek smo sre\u010danje obogatili z gostujo\u010dim predavanjem Bla\u017ea Vi\u010di\u010da, ki nam je predstavil aktualne raziskave potresnih aktivnosti, informacije o katerih so med drugim zapisane tudi v jamah. V predavanju nas je najprej seznanil z osnovnimi &hellip; <a href=\"https:\/\/jds.vilenica.com\/index.php\/2019\/08\/05\/potresi-zapisani-v-jamah-blaz-vicic\/\" class=\"more-link\">Preberi ve\u010d<span class=\"screen-reader-text\"> &#8220;Potresi, zapisani v jamah (Bla\u017e Vi\u010di\u010d)&#8221;<\/span><\/a><\/p>\n","protected":false},"author":1,"featured_media":4981,"comment_status":"closed","ping_status":"closed","sticky":false,"template":"","format":"standard","meta":{"footnotes":""},"categories":[3],"tags":[],"class_list":["post-4979","post","type-post","status-publish","format-standard","has-post-thumbnail","hentry","category-nekategorizirano"],"_links":{"self":[{"href":"https:\/\/jds.vilenica.com\/index.php\/wp-json\/wp\/v2\/posts\/4979","targetHints":{"allow":["GET"]}}],"collection":[{"href":"https:\/\/jds.vilenica.com\/index.php\/wp-json\/wp\/v2\/posts"}],"about":[{"href":"https:\/\/jds.vilenica.com\/index.php\/wp-json\/wp\/v2\/types\/post"}],"author":[{"embeddable":true,"href":"https:\/\/jds.vilenica.com\/index.php\/wp-json\/wp\/v2\/users\/1"}],"replies":[{"embeddable":true,"href":"https:\/\/jds.vilenica.com\/index.php\/wp-json\/wp\/v2\/comments?post=4979"}],"version-history":[{"count":1,"href":"https:\/\/jds.vilenica.com\/index.php\/wp-json\/wp\/v2\/posts\/4979\/revisions"}],"predecessor-version":[{"id":4982,"href":"https:\/\/jds.vilenica.com\/index.php\/wp-json\/wp\/v2\/posts\/4979\/revisions\/4982"}],"wp:featuredmedia":[{"embeddable":true,"href":"https:\/\/jds.vilenica.com\/index.php\/wp-json\/wp\/v2\/media\/4981"}],"wp:attachment":[{"href":"https:\/\/jds.vilenica.com\/index.php\/wp-json\/wp\/v2\/media?parent=4979"}],"wp:term":[{"taxonomy":"category","embeddable":true,"href":"https:\/\/jds.vilenica.com\/index.php\/wp-json\/wp\/v2\/categories?post=4979"},{"taxonomy":"post_tag","embeddable":true,"href":"https:\/\/jds.vilenica.com\/index.php\/wp-json\/wp\/v2\/tags?post=4979"}],"curies":[{"name":"wp","href":"https:\/\/api.w.org\/{rel}","templated":true}]}}