{"id":4928,"date":"2019-03-08T18:46:45","date_gmt":"2019-03-08T17:46:45","guid":{"rendered":"https:\/\/jds.vilenica.com\/?p=4928"},"modified":"2019-03-08T18:49:14","modified_gmt":"2019-03-08T17:49:14","slug":"predstavitev-legende-o-vilenici","status":"publish","type":"post","link":"https:\/\/jds.vilenica.com\/index.php\/2019\/03\/08\/predstavitev-legende-o-vilenici\/","title":{"rendered":"Predstavitev legende o Vilenici"},"content":{"rendered":"<p>Na lepo obiskanem dogodku v okviru Kosovelove knji\u017enice Se\u017eana, ob 3. ponatisu pripovedke o Vilenici, nas je Du\u0161ica Kunaver popeljala v slovensko ljudsko izro\u010dilo. Poudarila je pomen zelo bogatega ljudskega izro\u010dila Slovencev in da moramo biti ponosni na to kako bogat narod smo tudi na tem podro\u010dju.<\/p>\n<p>Predsednik Jamarskega dru\u0161tva Se\u017eana Jordan Gu\u0161tin se je zahvalil Du\u0161ici Kunaver za njeno neprecenljivo pomo\u010d pri nastanku knji\u017eice in Kosovelovi knji\u017enici za sodelovanje pri izvedbi tega ve\u010dera.<\/p>\n<p>Marija Godni\u010d je pripovedko o Marinci, vilah in treh pomaran\u010dah tako lepo povedala, da smo med pripovedovanjem skoraj pozabili dihati. Marinca se je sre\u010dno vrnila k mami. Nam pa je ostal spomin na lep, prijeten ve\u010der.<\/p>\n<p>Besedilo: Alenka Gabriela \u0160\u010duka<\/p>\n<p>Foto: Alenka Gabriela \u0160\u010duka<\/p>\n","protected":false},"excerpt":{"rendered":"<p>Na lepo obiskanem dogodku v okviru Kosovelove knji\u017enice Se\u017eana, ob 3. ponatisu pripovedke o Vilenici, nas je Du\u0161ica Kunaver popeljala v slovensko ljudsko izro\u010dilo. Poudarila je pomen zelo bogatega ljudskega izro\u010dila Slovencev in da moramo biti ponosni na to kako bogat narod smo tudi na tem podro\u010dju. Predsednik Jamarskega dru\u0161tva Se\u017eana Jordan Gu\u0161tin se je &hellip; <a href=\"https:\/\/jds.vilenica.com\/index.php\/2019\/03\/08\/predstavitev-legende-o-vilenici\/\" class=\"more-link\">Preberi ve\u010d<span class=\"screen-reader-text\"> &#8220;Predstavitev legende o Vilenici&#8221;<\/span><\/a><\/p>\n","protected":false},"author":1,"featured_media":4930,"comment_status":"closed","ping_status":"closed","sticky":false,"template":"","format":"standard","meta":{"footnotes":""},"categories":[3],"tags":[],"class_list":["post-4928","post","type-post","status-publish","format-standard","has-post-thumbnail","hentry","category-nekategorizirano"],"_links":{"self":[{"href":"https:\/\/jds.vilenica.com\/index.php\/wp-json\/wp\/v2\/posts\/4928","targetHints":{"allow":["GET"]}}],"collection":[{"href":"https:\/\/jds.vilenica.com\/index.php\/wp-json\/wp\/v2\/posts"}],"about":[{"href":"https:\/\/jds.vilenica.com\/index.php\/wp-json\/wp\/v2\/types\/post"}],"author":[{"embeddable":true,"href":"https:\/\/jds.vilenica.com\/index.php\/wp-json\/wp\/v2\/users\/1"}],"replies":[{"embeddable":true,"href":"https:\/\/jds.vilenica.com\/index.php\/wp-json\/wp\/v2\/comments?post=4928"}],"version-history":[{"count":2,"href":"https:\/\/jds.vilenica.com\/index.php\/wp-json\/wp\/v2\/posts\/4928\/revisions"}],"predecessor-version":[{"id":4932,"href":"https:\/\/jds.vilenica.com\/index.php\/wp-json\/wp\/v2\/posts\/4928\/revisions\/4932"}],"wp:featuredmedia":[{"embeddable":true,"href":"https:\/\/jds.vilenica.com\/index.php\/wp-json\/wp\/v2\/media\/4930"}],"wp:attachment":[{"href":"https:\/\/jds.vilenica.com\/index.php\/wp-json\/wp\/v2\/media?parent=4928"}],"wp:term":[{"taxonomy":"category","embeddable":true,"href":"https:\/\/jds.vilenica.com\/index.php\/wp-json\/wp\/v2\/categories?post=4928"},{"taxonomy":"post_tag","embeddable":true,"href":"https:\/\/jds.vilenica.com\/index.php\/wp-json\/wp\/v2\/tags?post=4928"}],"curies":[{"name":"wp","href":"https:\/\/api.w.org\/{rel}","templated":true}]}}