{"id":4888,"date":"2019-02-01T18:47:16","date_gmt":"2019-02-01T17:47:16","guid":{"rendered":"https:\/\/jds.vilenica.com\/?p=4888"},"modified":"2019-02-01T18:55:03","modified_gmt":"2019-02-01T17:55:03","slug":"presernov-dan-v-vilenici","status":"publish","type":"post","link":"https:\/\/jds.vilenica.com\/index.php\/2019\/02\/01\/presernov-dan-v-vilenici\/","title":{"rendered":"Pre\u0161ernov dan v Vilenici"},"content":{"rendered":"<p>Za 8. februar, kulturni praznik, bomo ob 15.00 organizirali ogled jame Vilenice.<br \/>\nVsem, ki bi dan spomina na na\u0161ega najve\u010djega pesnika radi proslavili z ogledom lepot te na\u0161e enkratne jame, bomo omogo\u010dili obisk po polovi\u010dni ceni in sicer za 5\u20ac po osebi.<br \/>\nVabljeni!<\/p>\n<p>&nbsp;<\/p>\n<p>Foto: Peter Gedei<\/p>\n","protected":false},"excerpt":{"rendered":"<p>Za 8. februar, kulturni praznik, bomo ob 15.00 organizirali ogled jame Vilenice. Vsem, ki bi dan spomina na na\u0161ega najve\u010djega pesnika radi proslavili z ogledom lepot te na\u0161e enkratne jame, bomo omogo\u010dili obisk po polovi\u010dni ceni in sicer za 5\u20ac po osebi. Vabljeni! &nbsp; Foto: Peter Gedei<\/p>\n","protected":false},"author":1,"featured_media":4891,"comment_status":"closed","ping_status":"closed","sticky":false,"template":"","format":"standard","meta":{"footnotes":""},"categories":[3],"tags":[],"class_list":["post-4888","post","type-post","status-publish","format-standard","has-post-thumbnail","hentry","category-nekategorizirano"],"_links":{"self":[{"href":"https:\/\/jds.vilenica.com\/index.php\/wp-json\/wp\/v2\/posts\/4888","targetHints":{"allow":["GET"]}}],"collection":[{"href":"https:\/\/jds.vilenica.com\/index.php\/wp-json\/wp\/v2\/posts"}],"about":[{"href":"https:\/\/jds.vilenica.com\/index.php\/wp-json\/wp\/v2\/types\/post"}],"author":[{"embeddable":true,"href":"https:\/\/jds.vilenica.com\/index.php\/wp-json\/wp\/v2\/users\/1"}],"replies":[{"embeddable":true,"href":"https:\/\/jds.vilenica.com\/index.php\/wp-json\/wp\/v2\/comments?post=4888"}],"version-history":[{"count":2,"href":"https:\/\/jds.vilenica.com\/index.php\/wp-json\/wp\/v2\/posts\/4888\/revisions"}],"predecessor-version":[{"id":4893,"href":"https:\/\/jds.vilenica.com\/index.php\/wp-json\/wp\/v2\/posts\/4888\/revisions\/4893"}],"wp:featuredmedia":[{"embeddable":true,"href":"https:\/\/jds.vilenica.com\/index.php\/wp-json\/wp\/v2\/media\/4891"}],"wp:attachment":[{"href":"https:\/\/jds.vilenica.com\/index.php\/wp-json\/wp\/v2\/media?parent=4888"}],"wp:term":[{"taxonomy":"category","embeddable":true,"href":"https:\/\/jds.vilenica.com\/index.php\/wp-json\/wp\/v2\/categories?post=4888"},{"taxonomy":"post_tag","embeddable":true,"href":"https:\/\/jds.vilenica.com\/index.php\/wp-json\/wp\/v2\/tags?post=4888"}],"curies":[{"name":"wp","href":"https:\/\/api.w.org\/{rel}","templated":true}]}}