{"id":2660,"date":"2015-08-17T18:52:00","date_gmt":"2015-08-17T16:52:00","guid":{"rendered":"http:\/\/193.77.138.55\/?p=2660"},"modified":"2015-08-17T18:52:00","modified_gmt":"2015-08-17T16:52:00","slug":"jamarski-tabor-kamenmjavcek-13-16-08-2015","status":"publish","type":"post","link":"https:\/\/jds.vilenica.com\/index.php\/2015\/08\/17\/jamarski-tabor-kamenmjavcek-13-16-08-2015\/","title":{"rendered":"Jamarski tabor Kamenmjav\u010dek \u2013 13.-16.08.2015"},"content":{"rendered":"<p>Sedmi jamarski tabor \u00bbKAMENMJAV\u010cEK 2015\u00ab je potekal od 13. do 16.08.2015\u00a0pred jamo Vilenico. V teh dneh smo urejali park pred jamo, raziskovali tri jame: Dihalnik pri Se\u017eanski smodni\u0161nici, Dihalnik pri\u00a0vodohranu Vilenica, Brezno pod Prelovcem, zaklju\u010dili merjenje v Rumeni jami ter se veselo dru\u017eili. Jamarskega tabora se je udele\u017eilo 29 jamarjev in veliko otrok. Nekaj jih je\u00a0sodelovalo vse dni, nekaj kak\u0161en dan, nekaj pa le nekaj ur. Vsaka udele\u017eba\u00a0in dru\u017eenje je zelo dobrodo\u0161lo. Glavnino je tvorilo 18 jamarjev Jamarskega\u00a0dru\u0161tva Se\u017eana, \u0161tirje iz Jamarskega dru\u0161tva Diva\u010da, dva iz Jamarskega\u00a0odseka SPD Trst, ter \u0161tirje brez dru\u0161tva.<\/p>\n<div>\n<div>Tekst in foto:\u00a0Jaka Jakof\u010di\u010d<\/div>\n<\/div>\n","protected":false},"excerpt":{"rendered":"<p>Sedmi jamarski tabor \u00bbKAMENMJAV\u010cEK 2015\u00ab je potekal od 13. do 16.08.2015\u00a0pred jamo Vilenico. V teh dneh smo urejali park pred jamo, raziskovali tri jame: Dihalnik pri Se\u017eanski smodni\u0161nici, Dihalnik pri\u00a0vodohranu Vilenica, Brezno pod Prelovcem, zaklju\u010dili merjenje v Rumeni jami ter se veselo dru\u017eili. Jamarskega tabora se je udele\u017eilo 29 jamarjev in veliko otrok. Nekaj jih &hellip; <a href=\"https:\/\/jds.vilenica.com\/index.php\/2015\/08\/17\/jamarski-tabor-kamenmjavcek-13-16-08-2015\/\" class=\"more-link\">Preberi ve\u010d<span class=\"screen-reader-text\"> &#8220;Jamarski tabor Kamenmjav\u010dek \u2013 13.-16.08.2015&#8221;<\/span><\/a><\/p>\n","protected":false},"author":1,"featured_media":2666,"comment_status":"closed","ping_status":"open","sticky":false,"template":"","format":"standard","meta":{"footnotes":""},"categories":[3],"tags":[],"class_list":["post-2660","post","type-post","status-publish","format-standard","has-post-thumbnail","hentry","category-nekategorizirano"],"_links":{"self":[{"href":"https:\/\/jds.vilenica.com\/index.php\/wp-json\/wp\/v2\/posts\/2660","targetHints":{"allow":["GET"]}}],"collection":[{"href":"https:\/\/jds.vilenica.com\/index.php\/wp-json\/wp\/v2\/posts"}],"about":[{"href":"https:\/\/jds.vilenica.com\/index.php\/wp-json\/wp\/v2\/types\/post"}],"author":[{"embeddable":true,"href":"https:\/\/jds.vilenica.com\/index.php\/wp-json\/wp\/v2\/users\/1"}],"replies":[{"embeddable":true,"href":"https:\/\/jds.vilenica.com\/index.php\/wp-json\/wp\/v2\/comments?post=2660"}],"version-history":[{"count":0,"href":"https:\/\/jds.vilenica.com\/index.php\/wp-json\/wp\/v2\/posts\/2660\/revisions"}],"wp:featuredmedia":[{"embeddable":true,"href":"https:\/\/jds.vilenica.com\/index.php\/wp-json\/wp\/v2\/media\/2666"}],"wp:attachment":[{"href":"https:\/\/jds.vilenica.com\/index.php\/wp-json\/wp\/v2\/media?parent=2660"}],"wp:term":[{"taxonomy":"category","embeddable":true,"href":"https:\/\/jds.vilenica.com\/index.php\/wp-json\/wp\/v2\/categories?post=2660"},{"taxonomy":"post_tag","embeddable":true,"href":"https:\/\/jds.vilenica.com\/index.php\/wp-json\/wp\/v2\/tags?post=2660"}],"curies":[{"name":"wp","href":"https:\/\/api.w.org\/{rel}","templated":true}]}}