{"id":2066,"date":"2018-10-14T20:00:22","date_gmt":"2018-10-14T18:00:22","guid":{"rendered":"http:\/\/193.77.138.55\/?p=2066"},"modified":"2018-11-20T21:57:31","modified_gmt":"2018-11-20T20:57:31","slug":"udornici-petnjak-in-bukovnik","status":"publish","type":"post","link":"https:\/\/jds.vilenica.com\/index.php\/2018\/10\/14\/udornici-petnjak-in-bukovnik\/","title":{"rendered":"Udornici Petnjak in Bukovnik"},"content":{"rendered":"<p>Nedeljo, 14.10., smo izkoristili za ogled dveh udornih dolin in kraj\u0161ih jam, ki le\u017eijo na<br \/>\nnjihovem dnu. Najprej smo se sprehodili do udornice Petnjak (ob Brestovici pri Povirju), na<br \/>\ndnu katere le\u017ei ve\u010dji spodmol z manj\u0161o zasigano dvorano. Poleg obi\u010dajnih kapni\u0161kih oblik<br \/>\nsmo v spodmolu ob\u010dudovali tudi jamske bisere, navdu\u0161il pa nas je tudi pogled na jamskega<br \/>\npsevdo\u0161korpijona. Nato smo se odpravili \u0161e do udornice Bukovnik pri Diva\u010di, na poti do<br \/>\nkatere smo se ustavili tudi pri famoznem vhodu v Ka\u010dno jamo. Tudi na dnu Bukovnika se<br \/>\nnahaja ve\u010dji spodmol, v katerem smo, za zaklju\u010dek uspe\u0161nega izleta, u\u017eili \u0161e nekaj jamskega<br \/>\nokolja. Skupino smo sestavljali \u0161tirje odrasli in dva otroka in vsi se \u017ee veselimo naslednjega<br \/>\njamsko obarvanega izleta.<\/p>\n<p>Tekst: \u0160pela Prunk<br \/>\nFoto: Andrej Peca<\/p>\n","protected":false},"excerpt":{"rendered":"<p>Nedeljo, 14.10., smo izkoristili za ogled dveh udornih dolin in kraj\u0161ih jam, ki le\u017eijo na njihovem dnu. Najprej smo se sprehodili do udornice Petnjak (ob Brestovici pri Povirju), na dnu katere le\u017ei ve\u010dji spodmol z manj\u0161o zasigano dvorano. Poleg obi\u010dajnih kapni\u0161kih oblik smo v spodmolu ob\u010dudovali tudi jamske bisere, navdu\u0161il pa nas je tudi pogled &hellip; <a href=\"https:\/\/jds.vilenica.com\/index.php\/2018\/10\/14\/udornici-petnjak-in-bukovnik\/\" class=\"more-link\">Preberi ve\u010d<span class=\"screen-reader-text\"> &#8220;Udornici Petnjak in Bukovnik&#8221;<\/span><\/a><\/p>\n","protected":false},"author":1,"featured_media":2076,"comment_status":"closed","ping_status":"open","sticky":false,"template":"","format":"standard","meta":{"footnotes":""},"categories":[3],"tags":[],"class_list":["post-2066","post","type-post","status-publish","format-standard","has-post-thumbnail","hentry","category-nekategorizirano"],"_links":{"self":[{"href":"https:\/\/jds.vilenica.com\/index.php\/wp-json\/wp\/v2\/posts\/2066","targetHints":{"allow":["GET"]}}],"collection":[{"href":"https:\/\/jds.vilenica.com\/index.php\/wp-json\/wp\/v2\/posts"}],"about":[{"href":"https:\/\/jds.vilenica.com\/index.php\/wp-json\/wp\/v2\/types\/post"}],"author":[{"embeddable":true,"href":"https:\/\/jds.vilenica.com\/index.php\/wp-json\/wp\/v2\/users\/1"}],"replies":[{"embeddable":true,"href":"https:\/\/jds.vilenica.com\/index.php\/wp-json\/wp\/v2\/comments?post=2066"}],"version-history":[{"count":1,"href":"https:\/\/jds.vilenica.com\/index.php\/wp-json\/wp\/v2\/posts\/2066\/revisions"}],"predecessor-version":[{"id":3956,"href":"https:\/\/jds.vilenica.com\/index.php\/wp-json\/wp\/v2\/posts\/2066\/revisions\/3956"}],"wp:featuredmedia":[{"embeddable":true,"href":"https:\/\/jds.vilenica.com\/index.php\/wp-json\/wp\/v2\/media\/2076"}],"wp:attachment":[{"href":"https:\/\/jds.vilenica.com\/index.php\/wp-json\/wp\/v2\/media?parent=2066"}],"wp:term":[{"taxonomy":"category","embeddable":true,"href":"https:\/\/jds.vilenica.com\/index.php\/wp-json\/wp\/v2\/categories?post=2066"},{"taxonomy":"post_tag","embeddable":true,"href":"https:\/\/jds.vilenica.com\/index.php\/wp-json\/wp\/v2\/tags?post=2066"}],"curies":[{"name":"wp","href":"https:\/\/api.w.org\/{rel}","templated":true}]}}